{"id":1456,"date":"2014-02-10T12:16:57","date_gmt":"2014-02-10T11:16:57","guid":{"rendered":"http:\/\/annalinea.hr\/?p=1456"},"modified":"2021-03-24T11:21:18","modified_gmt":"2021-03-24T10:21:18","slug":"hotel-mediteran","status":"publish","type":"post","link":"https:\/\/annalinea.hr\/?p=1456","title":{"rendered":"Hotel Mediteran"},"content":{"rendered":"<p style=\"text-align: justify;\">Hotel Mediteran, ma samoj rivi i s pogledom na \u0161areni mozaik ku\u0107ica i krivudavih ulica ribarskog mjesta. Savr\u0161en odabir za one koji tra\u017ee miran odmor, hotel Mediteran osvaja svojom toplom primorskom atmosferom koja jam\u010di ugodan boravak.\u00a0<!--more--><\/p>\n<p style=\"text-align: justify;\">Izvanredna prirodna kulisa mediteranskog mjesta neodoljiv je poziv na u\u017eivanje u ljepotama kraja i uslugama ovog malog, intimnog hotela. Svjetle i ugodne sobe, s pogledom na more i lu\u010dicu, o,ogu\u0107it \u0107e vam trenutke opu\u0161tanja daleko od ubrzane svakodnevice. U dru\u0161tvu sunca koje veselo sja i donosi raspolo\u017eenje, imati \u0107e te priliku istinski se veseliti svakom novom danu. Uz pjev ptica, na prostranoj terasi s pogledom na ribarske brodice svako se jutro poslu\u017euje bogat doru\u010dak. U restoranu hotela Mediteran u\u017eivajte u morskim plodovima, ribljim specijalitetima i raznim jelima bogatih aroma &#8211; jedinstvenim okusima mediteranske kuhinje. Pravi je odabir za svako doba dana, a romanti\u010dne ve\u010dere uz mjese\u010dev sjaj najupe\u010datljivije su uspomene koje \u0107ete ponijeti sa sobom.<\/p>\n\n\t\t<style type=\"text\/css\">\n\t\t\t#gallery-1 {\n\t\t\t\tmargin: auto;\n\t\t\t}\n\t\t\t#gallery-1 .gallery-item {\n\t\t\t\tfloat: left;\n\t\t\t\tmargin-top: 10px;\n\t\t\t\ttext-align: center;\n\t\t\t\twidth: 33%;\n\t\t\t}\n\t\t\t#gallery-1 img {\n\t\t\t\tborder: 2px solid #cfcfcf;\n\t\t\t}\n\t\t\t#gallery-1 .gallery-caption {\n\t\t\t\tmargin-left: 0;\n\t\t\t}\n\t\t\t\/* see gallery_shortcode() in wp-includes\/media.php *\/\n\t\t<\/style>\n\t\t<div id='gallery-1' class='gallery galleryid-1456 gallery-columns-3 gallery-size-thumbnail'><dl class='gallery-item'>\n\t\t\t<dt class='gallery-icon landscape'>\n\t\t\t\t<a href='https:\/\/annalinea.hr\/wp-content\/uploads\/2014\/02\/hotel-mediteran-moscenicka-draga06.jpg' title=\"\" data-rl_title=\"\" class=\"rl-gallery-link\" data-rl_caption=\"\" data-rel=\"lightbox-gallery-1\"><img width=\"150\" height=\"150\" src=\"https:\/\/annalinea.hr\/wp-content\/uploads\/2014\/02\/hotel-mediteran-moscenicka-draga06-150x150.jpg\" class=\"attachment-thumbnail size-thumbnail\" alt=\"\" loading=\"lazy\" srcset=\"https:\/\/annalinea.hr\/wp-content\/uploads\/2014\/02\/hotel-mediteran-moscenicka-draga06-150x150.jpg 150w, https:\/\/annalinea.hr\/wp-content\/uploads\/2014\/02\/hotel-mediteran-moscenicka-draga06-160x160.jpg 160w\" sizes=\"(max-width: 150px) 100vw, 150px\" \/><\/a>\n\t\t\t<\/dt><\/dl><dl class='gallery-item'>\n\t\t\t<dt class='gallery-icon landscape'>\n\t\t\t\t<a href='https:\/\/annalinea.hr\/wp-content\/uploads\/2014\/02\/hotel-mediteran-moscenicka-draga07.jpg' title=\"\" data-rl_title=\"\" class=\"rl-gallery-link\" data-rl_caption=\"\" data-rel=\"lightbox-gallery-1\"><img width=\"150\" height=\"150\" src=\"https:\/\/annalinea.hr\/wp-content\/uploads\/2014\/02\/hotel-mediteran-moscenicka-draga07-150x150.jpg\" class=\"attachment-thumbnail size-thumbnail\" alt=\"\" loading=\"lazy\" srcset=\"https:\/\/annalinea.hr\/wp-content\/uploads\/2014\/02\/hotel-mediteran-moscenicka-draga07-150x150.jpg 150w, https:\/\/annalinea.hr\/wp-content\/uploads\/2014\/02\/hotel-mediteran-moscenicka-draga07-160x160.jpg 160w\" sizes=\"(max-width: 150px) 100vw, 150px\" \/><\/a>\n\t\t\t<\/dt><\/dl><dl class='gallery-item'>\n\t\t\t<dt class='gallery-icon landscape'>\n\t\t\t\t<a href='https:\/\/annalinea.hr\/wp-content\/uploads\/2014\/02\/hotel-mediteran-moscenicka-draga02.jpg' title=\"\" data-rl_title=\"\" class=\"rl-gallery-link\" data-rl_caption=\"\" data-rel=\"lightbox-gallery-1\"><img width=\"150\" height=\"150\" src=\"https:\/\/annalinea.hr\/wp-content\/uploads\/2014\/02\/hotel-mediteran-moscenicka-draga02-150x150.jpg\" class=\"attachment-thumbnail size-thumbnail\" alt=\"\" loading=\"lazy\" srcset=\"https:\/\/annalinea.hr\/wp-content\/uploads\/2014\/02\/hotel-mediteran-moscenicka-draga02-150x150.jpg 150w, https:\/\/annalinea.hr\/wp-content\/uploads\/2014\/02\/hotel-mediteran-moscenicka-draga02-160x160.jpg 160w\" sizes=\"(max-width: 150px) 100vw, 150px\" \/><\/a>\n\t\t\t<\/dt><\/dl><br style=\"clear: both\" \/><dl class='gallery-item'>\n\t\t\t<dt class='gallery-icon landscape'>\n\t\t\t\t<a href='https:\/\/annalinea.hr\/wp-content\/uploads\/2014\/02\/hotel-mediteran-moscenicka-draga03.jpg' title=\"\" data-rl_title=\"\" class=\"rl-gallery-link\" data-rl_caption=\"\" data-rel=\"lightbox-gallery-1\"><img width=\"150\" height=\"150\" src=\"https:\/\/annalinea.hr\/wp-content\/uploads\/2014\/02\/hotel-mediteran-moscenicka-draga03-150x150.jpg\" class=\"attachment-thumbnail size-thumbnail\" alt=\"\" loading=\"lazy\" srcset=\"https:\/\/annalinea.hr\/wp-content\/uploads\/2014\/02\/hotel-mediteran-moscenicka-draga03-150x150.jpg 150w, https:\/\/annalinea.hr\/wp-content\/uploads\/2014\/02\/hotel-mediteran-moscenicka-draga03-160x160.jpg 160w\" sizes=\"(max-width: 150px) 100vw, 150px\" \/><\/a>\n\t\t\t<\/dt><\/dl><dl class='gallery-item'>\n\t\t\t<dt class='gallery-icon landscape'>\n\t\t\t\t<a href='https:\/\/annalinea.hr\/wp-content\/uploads\/2014\/02\/hotel-mediteran-moscenicka-draga04.jpg' title=\"\" data-rl_title=\"\" class=\"rl-gallery-link\" data-rl_caption=\"\" data-rel=\"lightbox-gallery-1\"><img width=\"150\" height=\"150\" src=\"https:\/\/annalinea.hr\/wp-content\/uploads\/2014\/02\/hotel-mediteran-moscenicka-draga04-150x150.jpg\" class=\"attachment-thumbnail size-thumbnail\" alt=\"\" loading=\"lazy\" srcset=\"https:\/\/annalinea.hr\/wp-content\/uploads\/2014\/02\/hotel-mediteran-moscenicka-draga04-150x150.jpg 150w, https:\/\/annalinea.hr\/wp-content\/uploads\/2014\/02\/hotel-mediteran-moscenicka-draga04-160x160.jpg 160w\" sizes=\"(max-width: 150px) 100vw, 150px\" \/><\/a>\n\t\t\t<\/dt><\/dl><dl class='gallery-item'>\n\t\t\t<dt class='gallery-icon landscape'>\n\t\t\t\t<a href='https:\/\/annalinea.hr\/wp-content\/uploads\/2014\/02\/hotel-mediteran-moscenicka-draga05.jpg' title=\"\" data-rl_title=\"\" class=\"rl-gallery-link\" data-rl_caption=\"\" data-rel=\"lightbox-gallery-1\"><img width=\"150\" height=\"150\" src=\"https:\/\/annalinea.hr\/wp-content\/uploads\/2014\/02\/hotel-mediteran-moscenicka-draga05-150x150.jpg\" class=\"attachment-thumbnail size-thumbnail\" alt=\"\" loading=\"lazy\" srcset=\"https:\/\/annalinea.hr\/wp-content\/uploads\/2014\/02\/hotel-mediteran-moscenicka-draga05-150x150.jpg 150w, https:\/\/annalinea.hr\/wp-content\/uploads\/2014\/02\/hotel-mediteran-moscenicka-draga05-160x160.jpg 160w\" sizes=\"(max-width: 150px) 100vw, 150px\" \/><\/a>\n\t\t\t<\/dt><\/dl><br style=\"clear: both\" \/>\n\t\t<\/div>\n\n","protected":false},"excerpt":{"rendered":"<p>Hotel Mediteran, ma samoj rivi i s pogledom na \u0161areni mozaik ku\u0107ica i krivudavih ulica ribarskog mjesta. Savr\u0161en odabir za one koji tra\u017ee miran odmor, hotel Mediteran osvaja svojom toplom primorskom atmosferom koja jam\u010di&#46;&#46;&#46;<\/p>\n","protected":false},"author":3,"featured_media":14005,"comment_status":"closed","ping_status":"closed","sticky":false,"template":"","format":"standard","meta":[],"categories":[20],"tags":[],"_links":{"self":[{"href":"https:\/\/annalinea.hr\/index.php?rest_route=\/wp\/v2\/posts\/1456"}],"collection":[{"href":"https:\/\/annalinea.hr\/index.php?rest_route=\/wp\/v2\/posts"}],"about":[{"href":"https:\/\/annalinea.hr\/index.php?rest_route=\/wp\/v2\/types\/post"}],"author":[{"embeddable":true,"href":"https:\/\/annalinea.hr\/index.php?rest_route=\/wp\/v2\/users\/3"}],"replies":[{"embeddable":true,"href":"https:\/\/annalinea.hr\/index.php?rest_route=%2Fwp%2Fv2%2Fcomments&post=1456"}],"version-history":[{"count":12,"href":"https:\/\/annalinea.hr\/index.php?rest_route=\/wp\/v2\/posts\/1456\/revisions"}],"predecessor-version":[{"id":14013,"href":"https:\/\/annalinea.hr\/index.php?rest_route=\/wp\/v2\/posts\/1456\/revisions\/14013"}],"wp:featuredmedia":[{"embeddable":true,"href":"https:\/\/annalinea.hr\/index.php?rest_route=\/wp\/v2\/media\/14005"}],"wp:attachment":[{"href":"https:\/\/annalinea.hr\/index.php?rest_route=%2Fwp%2Fv2%2Fmedia&parent=1456"}],"wp:term":[{"taxonomy":"category","embeddable":true,"href":"https:\/\/annalinea.hr\/index.php?rest_route=%2Fwp%2Fv2%2Fcategories&post=1456"},{"taxonomy":"post_tag","embeddable":true,"href":"https:\/\/annalinea.hr\/index.php?rest_route=%2Fwp%2Fv2%2Ftags&post=1456"}],"curies":[{"name":"wp","href":"https:\/\/api.w.org\/{rel}","templated":true}]}}